[{"@context":"https:\/\/schema.org\/","@type":"Article","@id":"https:\/\/www.abgp.cz\/my-jsme-se-hledali\/#Article","mainEntityOfPage":"https:\/\/www.abgp.cz\/my-jsme-se-hledali\/","headline":"My jsme se hledali","name":"My jsme se hledali","description":"A\u017e jsme se na\u0161li. Te\u010f u\u017e jsme svoji, nem\u00e1me u\u017e \u017eivot dvoj\u00ed. Je to n\u00e1\u0161 spole\u010dn\u00fd, u\u017e nen\u00ed v\u016fbec zbyte\u010dn\u00fd, ale pro n\u00e1s naprosto skute\u010dn\u00fd, jedine\u010dn\u00fd a v\u00fdjime\u010dn\u00fd. Pocit kr\u00e1sn\u00fd je n\u011bkoho m\u00edt, jako kdyby to byl v\u00e1\u0161 \u0161t\u00edt. V\u0161echny starosti \u0159e\u0161\u00edte spole\u010dn\u011b, pak se nec\u00edt\u00edte jen \u010d\u00e1ste\u010dn\u011b, ale u\u017e jako celek naprosto b\u00e1je\u010dn\u011b, spokojen\u011b...","datePublished":"2024-12-01","dateModified":"2024-12-01","author":{"@type":"Person","@id":"https:\/\/www.abgp.cz\/author\/#Person","name":"","url":"https:\/\/www.abgp.cz\/author\/","identifier":1,"image":{"@type":"ImageObject","@id":"https:\/\/secure.gravatar.com\/avatar\/e1629206dbcdd39ad2b75cad97ca59670e29a5a134f2605d5414f1deeec462dc?s=96&d=mm&r=g","url":"https:\/\/secure.gravatar.com\/avatar\/e1629206dbcdd39ad2b75cad97ca59670e29a5a134f2605d5414f1deeec462dc?s=96&d=mm&r=g","height":96,"width":96}},"publisher":{"@type":"Organization","name":"abgp.cz","logo":{"@type":"ImageObject","@id":"\/logo.png","url":"\/logo.png","width":600,"height":60}},"url":"https:\/\/www.abgp.cz\/my-jsme-se-hledali\/","wordCount":209,"articleBody":" A\u017e jsme se na\u0161li. Te\u010f u\u017e jsme svoji, nem\u00e1me u\u017e \u017eivot dvoj\u00ed. Je to n\u00e1\u0161 spole\u010dn\u00fd, u\u017e nen\u00ed v\u016fbec zbyte\u010dn\u00fd, ale pro n\u00e1s naprosto skute\u010dn\u00fd, jedine\u010dn\u00fd a v\u00fdjime\u010dn\u00fd. Pocit kr\u00e1sn\u00fd je n\u011bkoho m\u00edt, jako kdyby to byl v\u00e1\u0161 \u0161t\u00edt. V\u0161echny starosti \u0159e\u0161\u00edte spole\u010dn\u011b, pak se nec\u00edt\u00edte jen \u010d\u00e1ste\u010dn\u011b, ale u\u017e jako celek naprosto b\u00e1je\u010dn\u011b, spokojen\u011b a v\u00fdte\u010dn\u011b. Prost\u011b se m\u00e1me r\u00e1di Ale za\u010d\u00ednali jsme tak\u00e9 jako kamar\u00e1di. Pak p\u0159i\u0161lo bli\u017e\u0161\u00ed pozn\u00e1n\u00ed, a l\u00e1sky n\u00e1sledovalo vyzn\u00e1n\u00ed. Se svatebn\u00edm ozn\u00e1men\u00edm v ruk\u00e1ch, l\u00e1ska na\u0161e pr\u00e1v\u011b propuk\u00e1. Dali jsme to v\u011bd\u011bt v\u0161em, mal\u00e9 psan\u00ed s kr\u00e1sn\u00fdm \u0161vem. S\u0148atek byl kr\u00e1sn\u00fd a moc hezk\u00fd, z d\u00e1li jsme sly\u0161eli potlesky. P\u0159i na\u0161em prvn\u00edm novoman\u017eelsk\u00e9m polibku, jako mal\u00e9 probuzen\u00ed z \u0161\u00edpk\u016f. Tak to bylo magick\u00e9, a ne v\u016fbec tragick\u00e9. Jak to n\u011bkdo popisuje, a moc se proto ob\u011btuje. Chce to br\u00e1t to v pohod\u011b, a n\u011bkter\u00e9 v\u011bci nechat jen tak n\u00e1hod\u011b.                                                                                                                                                                                                                                                                                                                                                                                         5\/5 - (1 vote)        "},{"@context":"https:\/\/schema.org\/","@type":"BreadcrumbList","itemListElement":[{"@type":"ListItem","position":1,"name":"My jsme se hledali","item":"https:\/\/www.abgp.cz\/my-jsme-se-hledali\/#breadcrumbitem"}]}]