[{"@context":"https:\/\/schema.org\/","@type":"Article","@id":"https:\/\/www.abgp.cz\/udrzitelna-olomouc\/#Article","mainEntityOfPage":"https:\/\/www.abgp.cz\/udrzitelna-olomouc\/","headline":"Udr\u017eiteln\u00e1 Olomouc","name":"Udr\u017eiteln\u00e1 Olomouc","description":"Obavy o \u017eivotn\u00ed prost\u0159ed\u00ed a udr\u017eitelnost \u017eivota konzumn\u00ed spole\u010dnosti, kterou jsme dnes, vede k hled\u00e1n\u00ed nov\u00fdch \u0159e\u0161en\u00ed pro ka\u017edodenn\u00ed chov\u00e1n\u00ed ka\u017ed\u00e9ho z jejich \u010dlen\u016f. Tyto nov\u00e9 \u0159e\u0161en\u00ed se v\u0161ak \u010dasto vrac\u00ed k \u0159e\u0161en\u00ed star\u00fdm a ji\u017e d\u00e1vno zn\u00e1m\u00fdm \u2013 vlastn\u00ed ta\u0161ky, vlastn\u00ed obaly. V\u00fdzvy k omezen\u00ed plastu jej mnohdy d\u00e9monizuj\u00ed jako je tomu v p\u0159\u00edpad\u011b...","datePublished":"2020-01-05","dateModified":"2023-06-02","author":{"@type":"Person","@id":"https:\/\/www.abgp.cz\/author\/#Person","name":"","url":"https:\/\/www.abgp.cz\/author\/","identifier":1,"image":{"@type":"ImageObject","@id":"https:\/\/secure.gravatar.com\/avatar\/e1629206dbcdd39ad2b75cad97ca59670e29a5a134f2605d5414f1deeec462dc?s=96&d=mm&r=g","url":"https:\/\/secure.gravatar.com\/avatar\/e1629206dbcdd39ad2b75cad97ca59670e29a5a134f2605d5414f1deeec462dc?s=96&d=mm&r=g","height":96,"width":96}},"publisher":{"@type":"Organization","name":"abgp.cz","logo":{"@type":"ImageObject","@id":"\/logo.png","url":"\/logo.png","width":600,"height":60}},"image":{"@type":"ImageObject","@id":"https:\/\/www.abgp.cz\/wp-content\/uploads\/img_a349400_w2500_t1564342748.jpg","url":"https:\/\/www.abgp.cz\/wp-content\/uploads\/img_a349400_w2500_t1564342748.jpg","height":0,"width":0},"url":"https:\/\/www.abgp.cz\/udrzitelna-olomouc\/","wordCount":492,"articleBody":"Obavy o \u017eivotn\u00ed prost\u0159ed\u00ed a udr\u017eitelnost \u017eivota konzumn\u00ed spole\u010dnosti, kterou jsme dnes, vede k hled\u00e1n\u00ed nov\u00fdch \u0159e\u0161en\u00ed pro ka\u017edodenn\u00ed chov\u00e1n\u00ed ka\u017ed\u00e9ho z jejich \u010dlen\u016f. Tyto nov\u00e9 \u0159e\u0161en\u00ed se v\u0161ak \u010dasto vrac\u00ed k \u0159e\u0161en\u00ed star\u00fdm a ji\u017e d\u00e1vno zn\u00e1m\u00fdm \u2013 vlastn\u00ed ta\u0161ky, vlastn\u00ed obaly. V\u00fdzvy k omezen\u00ed plastu jej mnohdy d\u00e9monizuj\u00ed jako je tomu v p\u0159\u00edpad\u011b hnut\u00ed \u2018zero waste\u2019. Odborn\u00edci z dubnov\u00e9ho \u010d\u00edsla CZ Test nav\u00edc tvrd\u00ed, \u017ee zbyte\u010dn\u011b. Produkty jsou um\u00edst\u011bny v obalech z dobr\u00e9ho d\u016fvodu. Jedn\u00e1 o proces t\u011b\u017ece regulovan\u00fd a maj\u00ed chr\u00e1nit z\u00e1kazn\u00edka p\u0159ed zdravotn\u00edmi riziky i samotn\u00e9ho prodejce. I p\u0159esto se v Olomouci nach\u00e1z\u00ed podniky a skupiny lid\u00ed, kte\u0159\u00ed se sna\u017e\u00ed zabr\u00e1nit dal\u0161\u00edmu \u0161\u00ed\u0159en\u00ed plastov\u00e9ho i zbyte\u010dn\u00e9ho neplastov\u00e9ho odpadu do ob\u011bhu. \u00b7 Jako prvn\u00ed bych uvedla obchod \u201eOlomouc bez obalu\u201c. Jedn\u00e1 se o prodejnu z\u00e1kladn\u00edch surovin na v\u00e1hu do vlastn\u00edch obal\u016f. D\u00e1le zde lze nal\u00e9zt rozs\u00e1hla nab\u00eddka ko\u0159en\u00ed, \u010dajov\u00fdch sm\u011bs\u00ed nebo st\u00e1\u010den\u00fdch olej\u016f. \u00b7 Hned naproti tohoto podniku se nach\u00e1z\u00ed kade\u0159nictv\u00ed \u201eZelen\u00e1 hlava\u201c, je\u017e se py\u0161n\u00ed n\u00e1lepkou prvn\u00edho ekologick\u00e9ho salonu v Olomouci. Krom\u011b toho se zde prod\u00e1v\u00e1 st\u00e1\u010den\u00e1 drogerie, tuh\u00e9 \u0161ampony nebo deodoranty. \u00b7 V ohledu p\u0159\u00edrodn\u00ed st\u00e1\u010den\u00e9 kosmetiky ned\u00e1vno vznikla i nov\u00e1 iniciativa \u201eEko koutek\u201c, kter\u00e1 prozat\u00edm provozuje pouze e-shop. \u00b7 Z Univerzity se v oblasti \u017eivotn\u00edho prost\u0159ed\u00ed nejv\u00edce prosazuje spolek \u201eUdr\u017eiteln\u00fd Palack\u00fd\u201c, kter\u00fd se star\u00e1 o informov\u00e1n\u00ed ve\u0159ejnosti (tedy p\u0159edev\u0161\u00edm) na akademick\u00e9 p\u016fd\u011b o t\u00e9to problematice. V prostorech kolej\u00ed provozuje Freeshop, tedy m\u00edsto, kam lze nepot\u0159ebn\u00e9 v\u011bci p\u0159in\u00e9st a odn\u00e9st si jin\u00e9, kter\u00e9 n\u011bkdo dal\u0161\u00ed ji\u017e nevyu\u017eije. P\u0159edch\u00e1z\u00ed se tak zbyte\u010dn\u00e9mu vyhazov\u00e1n\u00ed v\u011bc\u00ed. Po\u0159\u00e1daj\u00ed zde tak\u00e9 workshopy nap\u0159\u00edklad o udr\u017eiteln\u00e9m pran\u00ed nebo \u00faklidu dom\u00e1cnosti, v zimn\u00edch m\u011bs\u00edc\u00edch pak i o balen\u00ed d\u00e1rk\u016f. Dal\u0161\u00edm z projekt\u016f tohoto spolku je Dolej si, co\u017e je interaktivn\u00ed mapa podnik\u016f (nejen v Olomouci), kter\u00e9 v\u00e1m na po\u017e\u00e1d\u00e1n\u00ed dolej\u00ed kohoutkovou vodu do vlastn\u00edch lahv\u00ed. \u00b7 Krom\u011b toho se v Olomouci, zejm\u00e9na kolem n\u00e1m\u011bst\u00ed, nach\u00e1z\u00ed velk\u00e9 mno\u017estv\u00ed second-hand\u016f \u2013 obchod\u016f s oble\u010den\u00edm z druh\u00e9 ruky \u2013 kter\u00e9 napom\u00e1haj\u00ed probl\u00e9m\u016fm rychl\u00e9 m\u00f3dy. \u00b7 Do udr\u017eiteln\u011bj\u0161\u00edho \u017eivota ob\u010dan\u016f je velmi investov\u00e1no i m\u011bsto. Ve m\u011bst\u011b nab\u00edz\u00ed kontejnery jak na bioodpad, kovy, ale tak\u00e9 nap\u0159\u00edklad na oleje. Krom\u011b toho te\u010f Olomouc testuje chytr\u00e9 ko\u0161e SmartBe, a to hned na dvou m\u00edstech \u2013 u hlavn\u00edho vlakov\u00e9ho n\u00e1dra\u017e\u00ed a na t\u0159\u00edd\u011b Svobody.                                                                                                                                                                                                                                                                                                                                                                                        3.1\/5 - (9 votes)        "},{"@context":"https:\/\/schema.org\/","@type":"BreadcrumbList","itemListElement":[{"@type":"ListItem","position":1,"name":"Udr\u017eiteln\u00e1 Olomouc","item":"https:\/\/www.abgp.cz\/udrzitelna-olomouc\/#breadcrumbitem"}]}]